{"id":37743,"date":"2024-10-31T01:24:00","date_gmt":"2024-10-31T00:24:00","guid":{"rendered":"https:\/\/www.fuessenaktuell.de\/?p=37743"},"modified":"2024-10-31T01:24:05","modified_gmt":"2024-10-31T00:24:05","slug":"fachklinik-staerkt-altersmedizin","status":"publish","type":"post","link":"https:\/\/www.fuessenaktuell.de\/index.php\/2024\/10\/fachklinik-staerkt-altersmedizin\/","title":{"rendered":"Fachklinik st\u00e4rkt Altersmedizin"},"content":{"rendered":"\n<h2 class=\"wp-block-heading\">Dr. Savarino \u00fcbernimmt die Leitung der Geriatrie<\/h2>\n\n\n\n<p>Die m&amp;i-Fachklinik Enzensberg baut die geriatrische Rehabilitation am Standort in Hopfen am See aus. Verantwortlich f\u00fcr die Station ist Dr. Jan Savarino, der f\u00fcr diese Aufgabe an die Fachklinik zur\u00fcckkehrt.<\/p>\n\n\n\n<p>Im Alter m\u00f6glichst lange selbstbestimmt und eigenst\u00e4ndig leben zu k\u00f6nnen, dieses Bed\u00fcrfnis hat wohl jeder Mensch. Doch schnell kann ein Unfall, eine Operation oder eine pl\u00f6tzliche Krankheit diesen Wunsch in weite Ferne r\u00fccken. Der Wunsch, wieder in das gewohnte Leben zur\u00fcckzukehren und eigenst\u00e4ndig zu leben, ist bei den meisten Senioren existentiell.<\/p>\n\n\n\n<p>Die geriatrische Rehabilitation in der m&amp;i-Fachklinik Enzensberg um Dr. Jan Savarino hat es sich zur Aufgabe gemacht, eben jenen \u00e4lteren Patientinnen und Patienten auf diesem beschwerlichen Weg zur Seite zu stehen. Dabei werden die Patienten ganzheitlich betrachtet und versorgt. Das ist der Vorteil der Interdisziplinarit\u00e4t an der Fachklinik: Es k\u00f6nnen Patienten allumfassend betrachtet und behandelt werden, auch wenn sie an mehreren Erkrankungen gleichzeitig leiden. <\/p>\n\n\n\n<p>Neben den k\u00f6rperlichen Erkrankungen wird auch immer das soziale Umfeld mit einbezogen. \u201eZiel unserer Geriatrie ist es, die Beschwerden der Patienten im gesamten Kontext aus Funktionsf\u00e4higkeit sowie vorhandenen Umweltfaktoren zu analysieren und so zu beeinflussen, dass der Patient m\u00f6glichst wieder an seinen vertrauten Lebensbereichen teilhaben kann und eine Pflegebed\u00fcrftigkeit vorgebeugt oder zumindest hinausgez\u00f6gert wird\u201c, erl\u00e4utert Dr. Savarino. \u201eGeriatrie ist immer Teamwork. So stehen f\u00fcr unsere Patientinnen und Patienten unterschiedliche Fachbereiche zur Verf\u00fcgung, die gemeinsam die individuellen Ziele und die daf\u00fcr notwendige Therapie f\u00fcr jeden einzelnen Patienten festlegen.\u201c<\/p>\n\n\n\n<h3 class=\"wp-block-heading\">Geriatrische Versorgung im Allg\u00e4u st\u00e4rken<\/h3>\n\n\n\n<p>Der Altersdurchschnitt im Allg\u00e4u ist hoch, viele Einwohner sind 75 Jahre oder \u00e4lter. \u201eUnd der demographische Wandel wird diesen Effekt noch verst\u00e4rken.\u201c Aus diesem Grund ist der Bedarf in der Geriatrie gr\u00f6\u00dfer als das Angebot. Mit dem Ausbau der geriatrischen Station der m&amp;i-Fachklinik Enzensberg tr\u00e4gt man dieser Entwicklung Rechnung, die Kapazit\u00e4ten sollen in den n\u00e4chsten Jahren kontinuierlich gesteigert werden.&nbsp;<\/p>\n\n\n\n<p>Dr. Savarino ist kein Unbekannter auf dem Enzensberg. Nach chirurgischer und notfallmedizinischer Ausbildung begann er bereits 2003 seine T\u00e4tigkeit in der orthop\u00e4dischen Abteilung der Fachklinik. Nach Facharztausbildung und absolviertem Masterstudium in Gesundheits\u00f6konomie war er zuletzt bis 2022 als Oberarzt in der neurologischen Abteilung t\u00e4tig.<\/p>\n\n\n\n<p>\u201eIch finde es toll, dass man in der Geriatrie sehr offen mit seinen Patienten sprechen kann und f\u00fcr realistische Lebensziele ein offenes Ohr findet. Lebensqualit\u00e4t ist das wichtigste Gut im Alter und Selbstst\u00e4ndigkeit ist die Voraussetzung daf\u00fcr. F\u00fcr dieses Ziel arbeitet unser Team. Entscheidend sind f\u00fcr eine erfolgreiche geriatrische Rehabilitation die Motivation und die Bereitschaft zur aktiven Mitarbeit der Patienten\u201c, erz\u00e4hlt Dr. Jan Savarino.&nbsp;<\/p>\n\n\n\n<p>Weitere Infos erhalten Sie unter <a href=\"http:\/\/www.fachklinik-enzensberg.de\/fachbereiche\/geriatrie\" target=\"_blank\" rel=\"noreferrer noopener\">www.fachklinik-enzensberg.de\/fachbereiche\/geriatrie<\/a><\/p>\n\n\n\n<p class=\"has-small-font-size\"><em>Text: FA\/pm<\/em><\/p>\n","protected":false},"excerpt":{"rendered":"<p>Dr. Savarino \u00fcbernimmt die Leitung der Geriatrie Die m&amp;i-Fachklinik Enzensberg baut die geriatrische Rehabilitation am Standort in Hopfen am See aus. Verantwortlich f\u00fcr die Station ist Dr. Jan Savarino, der f\u00fcr diese Aufgabe an die Fachklinik zur\u00fcckkehrt. Im Alter m\u00f6glichst lange selbstbestimmt und eigenst\u00e4ndig leben zu k\u00f6nnen, dieses Bed\u00fcrfnis hat wohl jeder Mensch. Doch schnell &hellip;<\/p>\n","protected":false},"author":513,"featured_media":24432,"comment_status":"open","ping_status":"open","sticky":false,"template":"","format":"standard","meta":{"webmentions_disabled_pings":false,"webmentions_disabled":false,"_jetpack_memberships_contains_paid_content":false,"footnotes":"","_share_on_mastodon":"0"},"categories":[29,94],"tags":[],"class_list":["post-37743","post","type-post","status-publish","format-standard","has-post-thumbnail","hentry","category-gesundheit","category-leben"],"share_on_mastodon":{"url":"https:\/\/muenchen.social\/@fuessenaktuell\/113399184946890763","error":""},"jetpack_featured_media_url":"https:\/\/www.fuessenaktuell.de\/wp-content\/uploads\/2021\/01\/FA_02_21_Logo-Enzensberg.jpg","jetpack_sharing_enabled":true,"publishpress_future_action":{"enabled":false,"date":"2026-05-03 09:05:59","action":"delete","newStatus":"draft","terms":[],"taxonomy":"category","extraData":[]},"publishpress_future_workflow_manual_trigger":{"enabledWorkflows":[]},"_links":{"self":[{"href":"https:\/\/www.fuessenaktuell.de\/index.php\/wp-json\/wp\/v2\/posts\/37743","targetHints":{"allow":["GET"]}}],"collection":[{"href":"https:\/\/www.fuessenaktuell.de\/index.php\/wp-json\/wp\/v2\/posts"}],"about":[{"href":"https:\/\/www.fuessenaktuell.de\/index.php\/wp-json\/wp\/v2\/types\/post"}],"author":[{"embeddable":true,"href":"https:\/\/www.fuessenaktuell.de\/index.php\/wp-json\/wp\/v2\/users\/513"}],"replies":[{"embeddable":true,"href":"https:\/\/www.fuessenaktuell.de\/index.php\/wp-json\/wp\/v2\/comments?post=37743"}],"version-history":[{"count":0,"href":"https:\/\/www.fuessenaktuell.de\/index.php\/wp-json\/wp\/v2\/posts\/37743\/revisions"}],"wp:featuredmedia":[{"embeddable":true,"href":"https:\/\/www.fuessenaktuell.de\/index.php\/wp-json\/wp\/v2\/media\/24432"}],"wp:attachment":[{"href":"https:\/\/www.fuessenaktuell.de\/index.php\/wp-json\/wp\/v2\/media?parent=37743"}],"wp:term":[{"taxonomy":"category","embeddable":true,"href":"https:\/\/www.fuessenaktuell.de\/index.php\/wp-json\/wp\/v2\/categories?post=37743"},{"taxonomy":"post_tag","embeddable":true,"href":"https:\/\/www.fuessenaktuell.de\/index.php\/wp-json\/wp\/v2\/tags?post=37743"}],"curies":[{"name":"wp","href":"https:\/\/api.w.org\/{rel}","templated":true}]}}