{"id":32395,"date":"2023-07-28T17:56:27","date_gmt":"2023-07-28T15:56:27","guid":{"rendered":"https:\/\/www.fuessenaktuell.de\/?p=32395"},"modified":"2023-07-28T17:56:31","modified_gmt":"2023-07-28T15:56:31","slug":"erwachsen","status":"publish","type":"post","link":"https:\/\/www.fuessenaktuell.de\/index.php\/2023\/07\/erwachsen\/","title":{"rendered":"Erwachsen"},"content":{"rendered":"\n<p>Manchmal frage ich mich, wie wir zu dem werden was wir sind? Wann sind wir erwachsen geworden? Wird man das \u00fcberhaupt? Ich wei\u00df es nicht sicher. Aber was ich genau wei\u00df: Die Reife und das Alter sind zwei unterschiedliche Parameter.<\/p>\n\n\n\n<p>Ich glaube, es sind die Erfahrungen und Beziehungen, Begegnungen, Erfolge, aber auch die R\u00fcckschl\u00e4ge, die uns \u00e4lter werden lassen. Je mehr Zeit vergeht, umso mehr erleben wir. Wir wachsen. Nicht immer gleich, aber irgendwann schon. Irgendwie. Wie es wohl w\u00e4re, wenn wir die Zeit beeinflussen k\u00f6nnten? Ich meine, die Zeit vergeht, ohne R\u00fccksicht auf uns zu nehmen. Eigentlich ist sie ziemlich egoistisch.<\/p>\n\n\n\n<p>Sie h\u00e4lt nie an, pausiert oder wartet auf uns. Ihre unersch\u00fctterliche Kontinuit\u00e4t und Widerstandsf\u00e4higkeit ist unser Leben. Wir sind mit ihr verbunden. Unausweichlich, von Beginn an.<\/p>\n\n\n\n<p>Was auch immer passieren mag, wir k\u00f6nnen sicher sein, dass es weitergehen wird. Tag f\u00fcr Tag, Minute f\u00fcr Minute. Also stehen wir wieder auf, um den Einstieg ins Hamsterrad der Zeit nicht zu verpassen. <\/p>\n\n\n\n<p>Gerade muss ich zur\u00fcckdenken. Ich schlie\u00dfe meine Augen: Ich sitze auf einer alten Parkbank in Wien. Es ist ein kalter, sonniger Tag. Ein Mann l\u00e4uft an mir vorbei. Wie ich, tr\u00e4gt auch er gro\u00dfe Kopfh\u00f6rer. Seinen beigen Wollmantel tr\u00e4gt er offen. Seine schwarzen Boots werden fast komplett von seiner weiten Jeans verdeckt. Er schaut so oft auf seine Uhr, wie ich blinzle. Fast so als w\u00fcrde die Zeit ihn treiben. <\/p>\n\n\n\n<p>Er sieht jung aus. Vielleicht ist er Mitte Zwanzig. Ein bisschen erinnert er mich an den jungen Christian Bale. Er wirkt wie jemand, der in seinen Gedanken badet. Wie jemand, der an mehreren Orten gleichzeitig sein will. Jemand der versucht, die Physik zu \u00fcberlisten. Ich frage mich, ob ihn die anderen Menschen auch wahrnehmen? Und was sie wohl denken? Wirkt er so auf sie, wie auf mich? Sieht er mich?<\/p>\n\n\n\n<p>Am liebsten w\u00fcrde ich ihn ansprechen, nach seiner Geschichte fragen, nach dem Lied, das er h\u00f6rt. Er biegt ums Eck. Ich sehe ihn nicht mehr. Die Musik aus meinen Kopfh\u00f6rern l\u00e4uft weiter. Max Herre in seinem Sprechgesang: \u201eDas war nur ein Moment. Nur ein Blinzeln, eine Millisekunde. Ein Flirren, ein Funken, etwas bricht sich durchs Dunkel. Aus dem Hintergrund in Bildmittelpunkte- zeigt sich und bleibt mit uns f\u00fcr immer verbunden. Lichtmomente, Kippmomente.&#8220;<\/p>\n\n\n\n<p>Was ist Geschichte und was nicht Legende. Was sich ver\u00e4ndert, wenn die Sicht sich \u00e4ndert. Ich \u00f6ffne meine Augen wieder. Vielleicht ist die Zeit nicht so egoistisch, wie ich zuerst dachte, denn alles ist ein Teil der Zeit, ein Moment. Und wenn wir genau hinschauen, dann verlangsamt sich die Zeit, denn sie ist relativ. So wie auf der Bank in Wien.<\/p>\n\n\n\n<p>Achtsamkeit in der Aufmerksamkeit, das muss doch der Sinn der Zeit sein!? Und erwachsen werden wir wohl dann, wenn wir gelernt haben, dass die Zeit die Gewissheit und das Vertrauen bringt, dass alles Sinn ergibt. Egal wie es ausgehen wird.<\/p>\n","protected":false},"excerpt":{"rendered":"<p>Manchmal frage ich mich, wie wir zu dem werden was wir sind? Wann sind wir erwachsen geworden? Wird man das \u00fcberhaupt? Ich wei\u00df es nicht sicher. Aber was ich genau wei\u00df: Die Reife und das Alter sind zwei unterschiedliche Parameter. Ich glaube, es sind die Erfahrungen und Beziehungen, Begegnungen, Erfolge, aber auch die R\u00fcckschl\u00e4ge, die &hellip;<\/p>\n","protected":false},"author":513,"featured_media":27906,"comment_status":"open","ping_status":"open","sticky":false,"template":"","format":"standard","meta":{"webmentions_disabled_pings":false,"webmentions_disabled":false,"_jetpack_memberships_contains_paid_content":false,"footnotes":"","_share_on_mastodon":"1"},"categories":[43],"tags":[],"class_list":["post-32395","post","type-post","status-publish","format-standard","has-post-thumbnail","hentry","category-kolumne"],"share_on_mastodon":{"url":"https:\/\/muenchen.social\/@fuessenaktuell\/110792526678720181","error":""},"jetpack_featured_media_url":"https:\/\/www.fuessenaktuell.de\/wp-content\/uploads\/2022\/04\/FA_05_22_Ademi.jpg","jetpack_sharing_enabled":true,"publishpress_future_action":{"enabled":false,"date":"2026-05-03 09:06:29","action":"delete","newStatus":"draft","terms":[],"taxonomy":"category","extraData":[]},"publishpress_future_workflow_manual_trigger":{"enabledWorkflows":[]},"_links":{"self":[{"href":"https:\/\/www.fuessenaktuell.de\/index.php\/wp-json\/wp\/v2\/posts\/32395","targetHints":{"allow":["GET"]}}],"collection":[{"href":"https:\/\/www.fuessenaktuell.de\/index.php\/wp-json\/wp\/v2\/posts"}],"about":[{"href":"https:\/\/www.fuessenaktuell.de\/index.php\/wp-json\/wp\/v2\/types\/post"}],"author":[{"embeddable":true,"href":"https:\/\/www.fuessenaktuell.de\/index.php\/wp-json\/wp\/v2\/users\/513"}],"replies":[{"embeddable":true,"href":"https:\/\/www.fuessenaktuell.de\/index.php\/wp-json\/wp\/v2\/comments?post=32395"}],"version-history":[{"count":0,"href":"https:\/\/www.fuessenaktuell.de\/index.php\/wp-json\/wp\/v2\/posts\/32395\/revisions"}],"wp:featuredmedia":[{"embeddable":true,"href":"https:\/\/www.fuessenaktuell.de\/index.php\/wp-json\/wp\/v2\/media\/27906"}],"wp:attachment":[{"href":"https:\/\/www.fuessenaktuell.de\/index.php\/wp-json\/wp\/v2\/media?parent=32395"}],"wp:term":[{"taxonomy":"category","embeddable":true,"href":"https:\/\/www.fuessenaktuell.de\/index.php\/wp-json\/wp\/v2\/categories?post=32395"},{"taxonomy":"post_tag","embeddable":true,"href":"https:\/\/www.fuessenaktuell.de\/index.php\/wp-json\/wp\/v2\/tags?post=32395"}],"curies":[{"name":"wp","href":"https:\/\/api.w.org\/{rel}","templated":true}]}}