{"id":13007,"date":"2017-04-02T15:23:22","date_gmt":"2017-04-02T13:23:22","guid":{"rendered":"https:\/\/www.fuessenaktuell.de\/?p=13007"},"modified":"2017-04-02T20:14:05","modified_gmt":"2017-04-02T18:14:05","slug":"festspielhaus-leuchtturm-region","status":"publish","type":"post","link":"https:\/\/www.fuessenaktuell.de\/index.php\/2017\/04\/festspielhaus-leuchtturm-region\/","title":{"rendered":"Festspielhaus als Leuchtturm der Region"},"content":{"rendered":"<p><strong>F\u00fcssener Festspielhaus offiziell wieder er\u00f6ffnet<\/strong><\/p>\n<p>Freunde, Familie, Partner aus der Wirtschaft und Kommunalpolitik, waren gestern bei der offiziellen Er\u00f6ffnung des Festspielhauses da. Sie alle waren neugierig auf das Programm und nicht zuletzt was sich alles in den letzten Monaten in dem Haus getan hat. Eine Erleichterung sah man Manfred Rietzler, Hauptinvestor des Theaterhauses und seiner Schw\u00e4gerin und zugleich Gesch\u00e4ftsf\u00fchrerin Birgit Karle, an. Es ist geschafft, das Festspielhaus ist wieder er\u00f6ffnet. Doch mit dem Programm geht es nicht sofort weiter. Viele Produktionen sind bereits vergeben. Nichtsdestotrotz stellte Theaterintendant Florian Zwipf ein Programm vor, das vielleicht den einen oder anderen Besucher ins Haus locken wird. <\/p>\n<p>Birgit Karle will \u201eLudwigs Festspielhaus\u201c als Leuchtturm in der Region etablieren. \u201eEines ist uns klar, wir haben einen anstrengenden Weg vor uns. Aber wir haben Menschen, die zu uns stehen. Keine Herausforderung ist leicht. Aber mit Partnern ist es leichter\u201c, hofft sie auf eine gute partnerschaftliche Zusammenarbeit. \u00dcber gute Ratschl\u00e4ge von Menschen mit langj\u00e4hriger Erfahrung w\u00fcrde sie sich freuen. Als Festspielhaus-Neueinsteiger habe sie die Loyalit\u00e4t und den Optimismus gesp\u00fcrt. \u201eDas ist f\u00fcr uns Ansporn und Dankbarkeit zugleich\u201c, erw\u00e4hnte sie in ihrer Begr\u00fc\u00dfungsrede.  Am Ende soll alles funktionieren, so das Ziel von Manfred Rietzler. <\/p>\n<p><strong>Das Programm<\/strong><\/p>\n<p>Theaterintendant Florian Zwipf stand nach 15 Jahren wieder im Fokus des Hauses. \u201eIch hatte die Freude am Anfang beim Aufbau der Struktur des Theaters dabei zu sein. Wir hatten tolle Verkaufszahlen, tolle G\u00e4ste und grandiose Feste. Das Haus hat wieder eine Chance\u201c, so Zwipf  bei seiner Programmvorstellung bis September. <\/p>\n<p>Das Festspielhaus soll ein einmaliges Alleinstellungsmerkmal bekommen: \u201eKeine Veranstaltungen die durch die Lande ziehen, vielmehr Veranstaltungen, die es nur im Festspielhaus zu sehen gibt\u201c, erkl\u00e4rt Zwipf. So wie die audiovisuelle 40-min\u00fctige B\u00fchnenshow \u00fcber Ludwigs Tr\u00e4umereien, die am 2. Juli t\u00e4glich um 11 Uhr startet. Das 1. K\u00f6nigliche Variet\u00e9- Festival mit Cirque de Soleil K\u00fcnstlern findet ebenfalls im Juli statt. Im September ist die Opera Sofia im Festspielhaus mit der Wagner Oper \u201eTristan und Isolde\u201c und Puccinis \u201eTurandot\u201c zu sehen. Jeden Sonntag ab dem 16. Juli spielt um 11 Uhr der Allg\u00e4u Schw\u00e4bische Musikbund. Am 10. September findet dann der Abschluss der Blasmusik mit einem \u201eTag der Blasmusik\u201c, Sternenmarsch und anderen \u00dcberraschungen statt. F\u00fcr Musical-Liebhaber gibt es  Shakespeare\u2019s Sommernachtstraum als Musical mit eing\u00e4ngiger Musik von Deutschrockstar Heinz-Rudolf Kunze zu sehen. Benjamin Sahlers \u201eLudwig2\u201c startet am 3. August mit insgesamt 20. Veranstaltungen. Neben Matthias Stockinger wird dabei auch Musical-Star und &#8222;Ur-K\u00f6nig&#8220; Jan Ammann die Rolle des Ludwig verk\u00f6rpern. <\/p>\n<p>H\u00f6ren Sie hier ein aktuelles Interview mit Festspielhaus Gesch\u00e4ftsf\u00fchrerin Birgit Karle zu den weiteren Planungen und der Zukunft des Hauses:<\/p>\n<div class=\"brlbs-cmpnt-container brlbs-cmpnt-content-blocker brlbs-cmpnt-with-individual-styles\" data-borlabs-cookie-content-blocker-id=\"soundcloud\" data-borlabs-cookie-content=\"PGlmcmFtZSB3aWR0aD0iMTAwJSIgaGVpZ2h0PSIxNjYiIHNjcm9sbGluZz0ibm8iIGZyYW1lYm9yZGVyPSJubyIgc3JjPSJodHRwczovL3cuc291bmRjbG91ZC5jb20vcGxheWVyLz91cmw9aHR0cHMlM0EvL2FwaS5zb3VuZGNsb3VkLmNvbS90cmFja3MvMzE1Njg5ODMyJmFtcDtjb2xvcj1mZjU1MDAmYW1wO2F1dG9fcGxheT1mYWxzZSZhbXA7aGlkZV9yZWxhdGVkPWZhbHNlJmFtcDtzaG93X2NvbW1lbnRzPXRydWUmYW1wO3Nob3dfdXNlcj10cnVlJmFtcDtzaG93X3JlcG9zdHM9ZmFsc2UiPjwvaWZyYW1lPg==\">\n<div class=\"brlbs-cmpnt-cb-preset-a\">\n<p class=\"brlbs-cmpnt-cb-description\">Sie sehen gerade einen Platzhalterinhalt von <strong>Soundcloud<\/strong>. Um auf den eigentlichen Inhalt zuzugreifen, klicken Sie auf den Button unten. Bitte beachten Sie, dass dabei Daten an Drittanbieter weitergegeben werden.<\/p>\n<div class=\"brlbs-cmpnt-cb-buttons\"> <a class=\"brlbs-cmpnt-cb-btn\" href=\"#\" data-borlabs-cookie-unblock role=\"button\">Inhalt entsperren<\/a> <a class=\"brlbs-cmpnt-cb-btn\" href=\"#\" data-borlabs-cookie-accept-service role=\"button\" style=\"display: none\">Erforderlichen Service akzeptieren und Inhalte entsperren<\/a> <\/div>\n<p> <a class=\"brlbs-cmpnt-cb-provider-toggle\" href=\"#\" data-borlabs-cookie-show-provider-information role=\"button\">Weitere Informationen<\/a> &#8218;<\/div>\n<p>&#8218;<\/p><\/div>\n<p>Text\/Bild: Sabina Riegger<\/p>\n","protected":false},"excerpt":{"rendered":"<p>F\u00fcssener Festspielhaus offiziell wieder er\u00f6ffnet Freunde, Familie, Partner aus der Wirtschaft und Kommunalpolitik, waren gestern bei der offiziellen Er\u00f6ffnung des Festspielhauses da. Sie alle waren neugierig auf das Programm und nicht zuletzt was sich alles in den letzten Monaten in dem Haus getan hat. Eine Erleichterung sah man Manfred Rietzler, Hauptinvestor des Theaterhauses und seiner &hellip;<\/p>\n","protected":false},"author":513,"featured_media":13010,"comment_status":"open","ping_status":"open","sticky":false,"template":"","format":"standard","meta":{"webmentions_disabled_pings":false,"webmentions_disabled":false,"_jetpack_memberships_contains_paid_content":false,"footnotes":"","_share_on_mastodon":"0"},"categories":[88],"tags":[],"class_list":["post-13007","post","type-post","status-publish","format-standard","has-post-thumbnail","hentry","category-lokales"],"share_on_mastodon":{"url":"","error":""},"jetpack_featured_media_url":"https:\/\/www.fuessenaktuell.de\/wp-content\/uploads\/2017\/04\/Festspielhaus_Auftakt-1.jpg","jetpack_sharing_enabled":true,"publishpress_future_action":{"enabled":false,"date":"2026-05-03 13:13:48","action":"delete","newStatus":"draft","terms":[],"taxonomy":"category","extraData":[]},"publishpress_future_workflow_manual_trigger":{"enabledWorkflows":[]},"_links":{"self":[{"href":"https:\/\/www.fuessenaktuell.de\/index.php\/wp-json\/wp\/v2\/posts\/13007","targetHints":{"allow":["GET"]}}],"collection":[{"href":"https:\/\/www.fuessenaktuell.de\/index.php\/wp-json\/wp\/v2\/posts"}],"about":[{"href":"https:\/\/www.fuessenaktuell.de\/index.php\/wp-json\/wp\/v2\/types\/post"}],"author":[{"embeddable":true,"href":"https:\/\/www.fuessenaktuell.de\/index.php\/wp-json\/wp\/v2\/users\/513"}],"replies":[{"embeddable":true,"href":"https:\/\/www.fuessenaktuell.de\/index.php\/wp-json\/wp\/v2\/comments?post=13007"}],"version-history":[{"count":0,"href":"https:\/\/www.fuessenaktuell.de\/index.php\/wp-json\/wp\/v2\/posts\/13007\/revisions"}],"wp:featuredmedia":[{"embeddable":true,"href":"https:\/\/www.fuessenaktuell.de\/index.php\/wp-json\/wp\/v2\/media\/13010"}],"wp:attachment":[{"href":"https:\/\/www.fuessenaktuell.de\/index.php\/wp-json\/wp\/v2\/media?parent=13007"}],"wp:term":[{"taxonomy":"category","embeddable":true,"href":"https:\/\/www.fuessenaktuell.de\/index.php\/wp-json\/wp\/v2\/categories?post=13007"},{"taxonomy":"post_tag","embeddable":true,"href":"https:\/\/www.fuessenaktuell.de\/index.php\/wp-json\/wp\/v2\/tags?post=13007"}],"curies":[{"name":"wp","href":"https:\/\/api.w.org\/{rel}","templated":true}]}}