{"id":10774,"date":"2016-04-04T10:43:46","date_gmt":"2016-04-04T09:43:46","guid":{"rendered":"https:\/\/www.fuessenaktuell.de\/?p=10774"},"modified":"2016-04-04T10:43:46","modified_gmt":"2016-04-04T09:43:46","slug":"fahrtwind","status":"publish","type":"post","link":"https:\/\/www.fuessenaktuell.de\/index.php\/2016\/04\/fahrtwind\/","title":{"rendered":"Fahrtwind"},"content":{"rendered":"<p>Oh sole mio, endlich, du scheinst wieder. Und der Himmel ist strahlend blau- ich bin ein Gl\u00fccksb\u00e4rchi auf deinem Scho\u00dfe. Du machst, dass ich heute Morgen so gut im Flow bin.<br \/>\nAlso Freunde, hoch die Tassen: Liebe Sonne, Danke, dass du scheinst. Du bringst meine Endorphine in Wallung. Mir ist schon ganz anders vor lauter guter Laune. Es ist Freitagvormittag, ich bin im Auto unterwegs und es f\u00fchlt sich an, als w\u00fcrde ich der Sonne direkt in die Arme fahren.<\/p>\n<p>Alles ist perfekt, die Musik l\u00e4uft, meine Sonnenbrille sitzt, die Haare sind offen. Ich finde meine schmalzige Szenerie einfach toll. Ich will mich weiter darin suhlen. So richtig. Bis zum geht-nicht-mehr. Dann mach ich das Bild mal rund: Fenster runter, Musik lauter, Ellbogen raus, Kopfnicker-los. \u201eYo yo yo, was geht ab?\u201c<\/p>\n<p>Oh ja- und da ist er schon, das geht ab: Der erste Fahrtwind des Jahres \u201eYeeehaaaw\u2026Weh mir durch die Haare.\u201c Ich wei\u00df nicht, was mit mir los ist. Aber es ist toll.<\/p>\n<p>Im Kreisverkehr kann ich nicht anders und strecke meinen Kopf der Sonne entgegen und atme tief, tief ein. \u201eHallo Welt!\u201c, mein Mantra. Aber nur kurz. Weil ein Hustenkrampf meinen Gedankengang unterbricht.<\/p>\n<p>Ich huste und huste. War\u00b4s das hier und jetzt?! Ich glaube, ich ersticke! Hilfe. Und ich bin auch noch selber schuld.<\/p>\n<p>Ich habe meine Luftr\u00f6hre am Fenster vereist wie eine nervige, h\u00e4ssliche Warze am Fu\u00df. Die Tr\u00e4nen schie\u00dfen mir in die Augen. Keine Tr\u00e4nen, nein! Ich sehe so nichts mehr. Wo ist die Ausfahrt??? Meine Haare kleben mir auf der Stirn. Sie m\u00fcssen festgefroren sein. Bin ich noch im Kreisverkehr? Ich habe Erfrierungserscheinungen. Ja. Ganz sicher. Aua.<\/p>\n<p>Wieso geht das Fenster nicht zu?! Kalt!!! Mir reicht\u00b4s. Iggy Pop soll sofort aufh\u00f6ren mir entgegen zu br\u00fcllen. Wo kann ich leiser machen? Wo?! Sei blo\u00df still, du!<br \/>\nIch fummle und dr\u00fccke blind auf der Mittelkonsole rum.<\/p>\n<p>Bin ich an der Ausfahrt vorbei?! Mist. Die Sonnenbrille h\u00e4ngt mir inzwischen auf halb acht. Ich schiele mit verschwommener Sicht der Stra\u00dfe entgegen. Ist das kalt hier drin! Ich sehe die Ausfahrt. Glaube ich. Ist das die Richtige? Egal! Ich nehme sie trotzdem. Ich schaffe das hier raus. Ja. Gleich. In die Kurve und\u2026 oh sole mio, du blendest mich, Verpiss Dich jetzt!!!<\/p>\n<p>Danke. Danke. Danke. Jetzt bin nur noch ein schockgefrorenes St\u00fcck Fleisch. Auf dem Seitenstreifen. Rotgeschwollen und Starr. Es hat f\u00fcnf Grad Au\u00dfentemperatur. Die Berge sind wei\u00df. Was war nur mit mir los? Diese Endorphine, diese. Aber hilft ja alles nichts. Ich muss ja auftauen. Am besten an der Sonne.<\/p>\n","protected":false},"excerpt":{"rendered":"<p>Oh sole mio, endlich, du scheinst wieder. Und der Himmel ist strahlend blau- ich bin ein Gl\u00fccksb\u00e4rchi auf deinem Scho\u00dfe. Du machst, dass ich heute Morgen so gut im Flow bin. Also Freunde, hoch die Tassen: Liebe Sonne, Danke, dass du scheinst. Du bringst meine Endorphine in Wallung. Mir ist schon ganz anders vor lauter &hellip;<\/p>\n","protected":false},"author":513,"featured_media":9840,"comment_status":"open","ping_status":"open","sticky":false,"template":"","format":"standard","meta":{"webmentions_disabled_pings":false,"webmentions_disabled":false,"_jetpack_memberships_contains_paid_content":false,"footnotes":"","_share_on_mastodon":"0"},"categories":[43],"tags":[],"class_list":["post-10774","post","type-post","status-publish","format-standard","has-post-thumbnail","hentry","category-kolumne"],"share_on_mastodon":{"url":"","error":""},"jetpack_featured_media_url":"https:\/\/www.fuessenaktuell.de\/wp-content\/uploads\/2015\/10\/FA_11_15_Ademi.jpg","jetpack_sharing_enabled":true,"publishpress_future_action":{"enabled":false,"date":"2026-05-03 15:01:37","action":"delete","newStatus":"draft","terms":[],"taxonomy":"category","extraData":[]},"publishpress_future_workflow_manual_trigger":{"enabledWorkflows":[]},"_links":{"self":[{"href":"https:\/\/www.fuessenaktuell.de\/index.php\/wp-json\/wp\/v2\/posts\/10774","targetHints":{"allow":["GET"]}}],"collection":[{"href":"https:\/\/www.fuessenaktuell.de\/index.php\/wp-json\/wp\/v2\/posts"}],"about":[{"href":"https:\/\/www.fuessenaktuell.de\/index.php\/wp-json\/wp\/v2\/types\/post"}],"author":[{"embeddable":true,"href":"https:\/\/www.fuessenaktuell.de\/index.php\/wp-json\/wp\/v2\/users\/513"}],"replies":[{"embeddable":true,"href":"https:\/\/www.fuessenaktuell.de\/index.php\/wp-json\/wp\/v2\/comments?post=10774"}],"version-history":[{"count":0,"href":"https:\/\/www.fuessenaktuell.de\/index.php\/wp-json\/wp\/v2\/posts\/10774\/revisions"}],"wp:featuredmedia":[{"embeddable":true,"href":"https:\/\/www.fuessenaktuell.de\/index.php\/wp-json\/wp\/v2\/media\/9840"}],"wp:attachment":[{"href":"https:\/\/www.fuessenaktuell.de\/index.php\/wp-json\/wp\/v2\/media?parent=10774"}],"wp:term":[{"taxonomy":"category","embeddable":true,"href":"https:\/\/www.fuessenaktuell.de\/index.php\/wp-json\/wp\/v2\/categories?post=10774"},{"taxonomy":"post_tag","embeddable":true,"href":"https:\/\/www.fuessenaktuell.de\/index.php\/wp-json\/wp\/v2\/tags?post=10774"}],"curies":[{"name":"wp","href":"https:\/\/api.w.org\/{rel}","templated":true}]}}